{"id":16217,"date":"2025-09-18T06:32:57","date_gmt":"2025-09-18T06:32:57","guid":{"rendered":"https:\/\/www.bergos.ch\/?p=16217"},"modified":"2025-09-18T06:32:59","modified_gmt":"2025-09-18T06:32:59","slug":"us-notenbank-senkt-den-leitzins-um-25-basispunkte","status":"publish","type":"post","link":"https:\/\/www.bergos.ch\/de\/us-notenbank-senkt-den-leitzins-um-25-basispunkte\/","title":{"rendered":"US-Notenbank senkt den Leitzins um 25 Basispunkte"},"content":{"rendered":"\n<section id=\"section-block_dec5ebc4099b339484f80877b424c79e\" class=\"post-summary-outer  wp-custom-block\">\n    <div class=\"post-summary-inner\">\n        <div class=\"acf-innerblocks-container\">\n\n<ul class=\"wp-block-list\">\n<li><strong>Nachdem der Fed-Vorsitzende Jerome Powell eine Zinssenkung schon im Rahmen seiner Jackson Hole-Rede angedeutet hatte, folgte nun der Vollzug: Der Leitzins sinkt um 25 Basispunkte auf 4,00-4,25%.<\/strong><\/li>\n\n\n\n<li><strong>Die Verbraucherpreisinflation ist mit inzwischen wieder 2,9% deutlich zu hoch (die f\u00fcr die Fed wichtige PCE Inflation liegt bei 2,6%). Dass die Notenbank Fed in einem solchen Inflationsumfeld die Zinsen senkt, liegt an einer schw\u00e4cher werdenden Konjunktur, aber wohl auch an dem massiven Druck, den US-Pr\u00e4sident Trump auf die Fed aus\u00fcbt.<\/strong><\/li>\n<\/ul>\n\n<\/div>    <\/div>\n    <\/section>\n\n\n<p>Nach der letzten Zinsentscheidung im Juli hatte der Fed-Vorsitzende Jerome Powell darauf hingewiesen, die Fed brauche mehr Daten, um sich ein besseres Bild vom Arbeitsmarkt-, Konjunktur- und Inflationsumfeld machen zu k\u00f6nnen. F\u00fcr die Fed waren die in der Zwischenzeit eingetroffenen Daten unerfreulich. W\u00e4hrend die Arbeitsmarktberichte f\u00fcr Juli und August schw\u00e4cher ausfielen und die Arbeitslosenquote von 4,1% auf 4,3% gestiegen ist, legte die Inflationsrate von 2,7% auf 2,9% zu. Die neuen Daten machen den Job f\u00fcr die Fed nicht leichter, denn ein schw\u00e4cherer Arbeitsmarkt spricht f\u00fcr niedrigere Zinsen, w\u00e4hrend eine h\u00f6here Inflation f\u00fcr h\u00f6here Zinsen spricht. Die Fed hat sich in dieser Situation f\u00fcr eine Zinssenkung um 25 Basispunkte entschieden. Sie weist in ihrem Pressestatement auf die gestiegenen Abw\u00e4rtsrisiken f\u00fcr den Arbeitsmarkt hin. Auch das Wirtschaftswachstum habe sich im letzten Jahr nahezu halbiert. Die Entscheidung fiel mit 11:1 Stimmen \u2013 der neue Gouverneur Stephen Miran votierte f\u00fcr eine Zinssenkung um 50 Basispunkte.<\/p>\n\n\n\n<p>Seit der Juli-Sitzung der Fed haben sich nicht nur die makro\u00f6konomischen Daten ver\u00e4ndert. In der Zwischenzeit hat der politische Druck auf die Fed nochmal massiv zugenommen. Die Gouverneurin Adriana Kugler war Anfang August zur\u00fcckgetreten, was Donald Trump die M\u00f6glichkeit gab, seinen obersten \u00f6konomischen Berater Stephen Miran als Ersatz f\u00fcr Adriana Kugler zur Fed zu schicken. Eben dieser Miran votierte nun f\u00fcr eine aggressivere Zinssenkung um 50 Basispunkte. Zus\u00e4tzliche Unruhe sch\u00fcrte Trump, indem er recht willk\u00fcrlich die Fed-Gouverneurin Lisa Cook feuerte. Zwei Gerichte haben die Entlassung aber f\u00fcr unzul\u00e4ssig erkl\u00e4rt, sodass Lisa Cook (vorerst) weiter im Amt ist. Dennoch hinterlassen solche Aktionen Spuren und unterh\u00f6hlen die politische Unabh\u00e4ngigkeit der Fed.<\/p>\n\n\n\n<p>Die Sch\u00e4tzungen der Mitglieder des Federal Open Market Committee (FOMC) f\u00fcr den angemessenen Leitzins zum Jahresende 2025 liegt nun bei 3,6%. Das impliziert zwei weitere Zinssenkungen um jeweils 25 Basispunkte bei den beiden Sitzungen am 28.\/29. Oktober sowie am 9.\/10. Dezember.<\/p>\n\n\n\n<p><strong>Arbeitslosenquote USA<\/strong><\/p>\n\n\n<div class=\"wp-block-image\">\n<figure class=\"aligncenter size-full is-resized\"><img loading=\"lazy\" decoding=\"async\" width=\"838\" height=\"557\" src=\"https:\/\/www.bergos.ch\/wp-content\/uploads\/2025\/09\/Macro-Sep-03.png\" alt=\"\" class=\"wp-image-16219\" style=\"width:752px;height:auto\" srcset=\"https:\/\/www.bergos.ch\/wp-content\/uploads\/2025\/09\/Macro-Sep-03.png 838w, https:\/\/www.bergos.ch\/wp-content\/uploads\/2025\/09\/Macro-Sep-03-300x199.png 300w, https:\/\/www.bergos.ch\/wp-content\/uploads\/2025\/09\/Macro-Sep-03-768x510.png 768w\" sizes=\"auto, (max-width: 838px) 100vw, 838px\" \/><\/figure>\n<\/div>\n\n\n<p class=\"has-small-font-size\">Quelle: Macrobond.<\/p>\n\n\n\n<p><\/p>\n","protected":false},"excerpt":{"rendered":"<p>Nach der letzten Zinsentscheidung im Juli hatte der Fed-Vorsitzende Jerome Powell darauf hingewiesen, die Fed brauche mehr Daten, um sich ein besseres Bild vom Arbeitsmarkt-, Konjunktur- und Inflationsumfeld machen zu k\u00f6nnen. F\u00fcr die Fed waren die in der Zwischenzeit eingetroffenen Daten unerfreulich. W\u00e4hrend die Arbeitsmarktberichte f\u00fcr Juli und August schw\u00e4cher ausfielen und die Arbeitslosenquote von [&hellip;]<\/p>\n","protected":false},"author":13,"featured_media":0,"comment_status":"closed","ping_status":"closed","sticky":false,"template":"","format":"standard","meta":{"_acf_changed":false,"footnotes":""},"categories":[1,10,47],"tags":[],"class_list":{"0":"post-16217","1":"post","2":"type-post","3":"status-publish","4":"format-standard","5":"hentry","6":"category-insights","8":"category-makro"},"acf":[],"yoast_head":"<!-- This site is optimized with the Yoast SEO plugin v27.5 - https:\/\/yoast.com\/product\/yoast-seo-wordpress\/ -->\n<title>US-Notenbank senkt den Leitzins um 25 Basispunkte - Bergos<\/title>\n<meta name=\"robots\" content=\"index, follow, max-snippet:-1, max-image-preview:large, max-video-preview:-1\" \/>\n<link rel=\"canonical\" href=\"https:\/\/www.bergos.ch\/de\/us-notenbank-senkt-den-leitzins-um-25-basispunkte\/\" \/>\n<meta property=\"og:locale\" content=\"de_DE\" \/>\n<meta property=\"og:type\" content=\"article\" \/>\n<meta property=\"og:title\" content=\"US-Notenbank senkt den Leitzins um 25 Basispunkte - Bergos\" \/>\n<meta property=\"og:description\" content=\"Nach der letzten Zinsentscheidung im Juli hatte der Fed-Vorsitzende Jerome Powell darauf hingewiesen, die Fed brauche mehr Daten, um sich ein besseres Bild vom Arbeitsmarkt-, Konjunktur- und Inflationsumfeld machen zu k\u00f6nnen. F\u00fcr die Fed waren die in der Zwischenzeit eingetroffenen Daten unerfreulich. W\u00e4hrend die Arbeitsmarktberichte f\u00fcr Juli und August schw\u00e4cher ausfielen und die Arbeitslosenquote von [&hellip;]\" \/>\n<meta property=\"og:url\" content=\"https:\/\/www.bergos.ch\/de\/us-notenbank-senkt-den-leitzins-um-25-basispunkte\/\" \/>\n<meta property=\"og:site_name\" content=\"Bergos\" \/>\n<meta property=\"article:published_time\" content=\"2025-09-18T06:32:57+00:00\" \/>\n<meta property=\"article:modified_time\" content=\"2025-09-18T06:32:59+00:00\" \/>\n<meta property=\"og:image\" content=\"https:\/\/www.bergos.ch\/wp-content\/uploads\/2025\/09\/Macro-Sep-03.png\" \/>\n\t<meta property=\"og:image:width\" content=\"838\" \/>\n\t<meta property=\"og:image:height\" content=\"557\" \/>\n\t<meta property=\"og:image:type\" content=\"image\/png\" \/>\n<meta name=\"author\" content=\"Ana Varvodic\" \/>\n<meta name=\"twitter:card\" content=\"summary_large_image\" \/>\n<meta name=\"twitter:label1\" content=\"Verfasst von\" \/>\n\t<meta name=\"twitter:data1\" content=\"Ana Varvodic\" \/>\n\t<meta name=\"twitter:label2\" content=\"Gesch\u00e4tzte Lesezeit\" \/>\n\t<meta name=\"twitter:data2\" content=\"2\u00a0Minuten\" \/>\n<script type=\"application\/ld+json\" class=\"yoast-schema-graph\">{\"@context\":\"https:\\\/\\\/schema.org\",\"@graph\":[{\"@type\":\"Article\",\"@id\":\"https:\\\/\\\/www.bergos.ch\\\/de\\\/us-notenbank-senkt-den-leitzins-um-25-basispunkte\\\/#article\",\"isPartOf\":{\"@id\":\"https:\\\/\\\/www.bergos.ch\\\/de\\\/us-notenbank-senkt-den-leitzins-um-25-basispunkte\\\/\"},\"author\":{\"name\":\"Ana Varvodic\",\"@id\":\"https:\\\/\\\/www.bergos.ch\\\/de\\\/#\\\/schema\\\/person\\\/89a42355bef86efc45d62a1f52596c5d\"},\"headline\":\"US-Notenbank senkt den Leitzins um 25 Basispunkte\",\"datePublished\":\"2025-09-18T06:32:57+00:00\",\"dateModified\":\"2025-09-18T06:32:59+00:00\",\"mainEntityOfPage\":{\"@id\":\"https:\\\/\\\/www.bergos.ch\\\/de\\\/us-notenbank-senkt-den-leitzins-um-25-basispunkte\\\/\"},\"wordCount\":408,\"publisher\":{\"@id\":\"https:\\\/\\\/www.bergos.ch\\\/de\\\/#organization\"},\"image\":{\"@id\":\"https:\\\/\\\/www.bergos.ch\\\/de\\\/us-notenbank-senkt-den-leitzins-um-25-basispunkte\\\/#primaryimage\"},\"thumbnailUrl\":\"https:\\\/\\\/www.bergos.ch\\\/wp-content\\\/uploads\\\/2025\\\/09\\\/Macro-Sep-03.png\",\"articleSection\":[\"Insights\",\"Insights\",\"Makro\"],\"inLanguage\":\"de\"},{\"@type\":\"WebPage\",\"@id\":\"https:\\\/\\\/www.bergos.ch\\\/de\\\/us-notenbank-senkt-den-leitzins-um-25-basispunkte\\\/\",\"url\":\"https:\\\/\\\/www.bergos.ch\\\/de\\\/us-notenbank-senkt-den-leitzins-um-25-basispunkte\\\/\",\"name\":\"US-Notenbank senkt den Leitzins um 25 Basispunkte - Bergos\",\"isPartOf\":{\"@id\":\"https:\\\/\\\/www.bergos.ch\\\/de\\\/#website\"},\"primaryImageOfPage\":{\"@id\":\"https:\\\/\\\/www.bergos.ch\\\/de\\\/us-notenbank-senkt-den-leitzins-um-25-basispunkte\\\/#primaryimage\"},\"image\":{\"@id\":\"https:\\\/\\\/www.bergos.ch\\\/de\\\/us-notenbank-senkt-den-leitzins-um-25-basispunkte\\\/#primaryimage\"},\"thumbnailUrl\":\"https:\\\/\\\/www.bergos.ch\\\/wp-content\\\/uploads\\\/2025\\\/09\\\/Macro-Sep-03.png\",\"datePublished\":\"2025-09-18T06:32:57+00:00\",\"dateModified\":\"2025-09-18T06:32:59+00:00\",\"breadcrumb\":{\"@id\":\"https:\\\/\\\/www.bergos.ch\\\/de\\\/us-notenbank-senkt-den-leitzins-um-25-basispunkte\\\/#breadcrumb\"},\"inLanguage\":\"de\",\"potentialAction\":[{\"@type\":\"ReadAction\",\"target\":[\"https:\\\/\\\/www.bergos.ch\\\/de\\\/us-notenbank-senkt-den-leitzins-um-25-basispunkte\\\/\"]}]},{\"@type\":\"ImageObject\",\"inLanguage\":\"de\",\"@id\":\"https:\\\/\\\/www.bergos.ch\\\/de\\\/us-notenbank-senkt-den-leitzins-um-25-basispunkte\\\/#primaryimage\",\"url\":\"https:\\\/\\\/www.bergos.ch\\\/wp-content\\\/uploads\\\/2025\\\/09\\\/Macro-Sep-03.png\",\"contentUrl\":\"https:\\\/\\\/www.bergos.ch\\\/wp-content\\\/uploads\\\/2025\\\/09\\\/Macro-Sep-03.png\"},{\"@type\":\"BreadcrumbList\",\"@id\":\"https:\\\/\\\/www.bergos.ch\\\/de\\\/us-notenbank-senkt-den-leitzins-um-25-basispunkte\\\/#breadcrumb\",\"itemListElement\":[{\"@type\":\"ListItem\",\"position\":1,\"name\":\"Home\",\"item\":\"https:\\\/\\\/www.bergos.ch\\\/de\\\/\"},{\"@type\":\"ListItem\",\"position\":2,\"name\":\"US-Notenbank senkt den Leitzins um 25 Basispunkte\"}]},{\"@type\":\"WebSite\",\"@id\":\"https:\\\/\\\/www.bergos.ch\\\/de\\\/#website\",\"url\":\"https:\\\/\\\/www.bergos.ch\\\/de\\\/\",\"name\":\"Bergos\",\"description\":\"An independent, internationally operating Swiss private bank.\",\"publisher\":{\"@id\":\"https:\\\/\\\/www.bergos.ch\\\/de\\\/#organization\"},\"potentialAction\":[{\"@type\":\"SearchAction\",\"target\":{\"@type\":\"EntryPoint\",\"urlTemplate\":\"https:\\\/\\\/www.bergos.ch\\\/de\\\/?s={search_term_string}\"},\"query-input\":{\"@type\":\"PropertyValueSpecification\",\"valueRequired\":true,\"valueName\":\"search_term_string\"}}],\"inLanguage\":\"de\"},{\"@type\":\"Organization\",\"@id\":\"https:\\\/\\\/www.bergos.ch\\\/de\\\/#organization\",\"name\":\"Bergos AG\",\"url\":\"https:\\\/\\\/www.bergos.ch\\\/de\\\/\",\"logo\":{\"@type\":\"ImageObject\",\"inLanguage\":\"de\",\"@id\":\"https:\\\/\\\/www.bergos.ch\\\/de\\\/#\\\/schema\\\/logo\\\/image\\\/\",\"url\":\"https:\\\/\\\/www.bergos.ch\\\/wp-content\\\/uploads\\\/2025\\\/08\\\/Share.jpg\",\"contentUrl\":\"https:\\\/\\\/www.bergos.ch\\\/wp-content\\\/uploads\\\/2025\\\/08\\\/Share.jpg\",\"width\":1200,\"height\":628,\"caption\":\"Bergos AG\"},\"image\":{\"@id\":\"https:\\\/\\\/www.bergos.ch\\\/de\\\/#\\\/schema\\\/logo\\\/image\\\/\"},\"sameAs\":[\"https:\\\/\\\/www.linkedin.com\\\/company\\\/bergos-berenberg\",\"https:\\\/\\\/www.instagram.com\\\/bergosbank\\\/\"]},{\"@type\":\"Person\",\"@id\":\"https:\\\/\\\/www.bergos.ch\\\/de\\\/#\\\/schema\\\/person\\\/89a42355bef86efc45d62a1f52596c5d\",\"name\":\"Ana Varvodic\",\"image\":{\"@type\":\"ImageObject\",\"inLanguage\":\"de\",\"@id\":\"https:\\\/\\\/secure.gravatar.com\\\/avatar\\\/ee4062fa5b67ca1dd68681414760c79d5c49705bfa15e5be5c608646a2a2d2ad?s=96&d=mm&r=g\",\"url\":\"https:\\\/\\\/secure.gravatar.com\\\/avatar\\\/ee4062fa5b67ca1dd68681414760c79d5c49705bfa15e5be5c608646a2a2d2ad?s=96&d=mm&r=g\",\"contentUrl\":\"https:\\\/\\\/secure.gravatar.com\\\/avatar\\\/ee4062fa5b67ca1dd68681414760c79d5c49705bfa15e5be5c608646a2a2d2ad?s=96&d=mm&r=g\",\"caption\":\"Ana Varvodic\"},\"url\":\"https:\\\/\\\/www.bergos.ch\\\/de\\\/author\\\/ana-varvodic\\\/\"}]}<\/script>\n<!-- \/ Yoast SEO plugin. -->","yoast_head_json":{"title":"US-Notenbank senkt den Leitzins um 25 Basispunkte - Bergos","robots":{"index":"index","follow":"follow","max-snippet":"max-snippet:-1","max-image-preview":"max-image-preview:large","max-video-preview":"max-video-preview:-1"},"canonical":"https:\/\/www.bergos.ch\/de\/us-notenbank-senkt-den-leitzins-um-25-basispunkte\/","og_locale":"de_DE","og_type":"article","og_title":"US-Notenbank senkt den Leitzins um 25 Basispunkte - Bergos","og_description":"Nach der letzten Zinsentscheidung im Juli hatte der Fed-Vorsitzende Jerome Powell darauf hingewiesen, die Fed brauche mehr Daten, um sich ein besseres Bild vom Arbeitsmarkt-, Konjunktur- und Inflationsumfeld machen zu k\u00f6nnen. F\u00fcr die Fed waren die in der Zwischenzeit eingetroffenen Daten unerfreulich. W\u00e4hrend die Arbeitsmarktberichte f\u00fcr Juli und August schw\u00e4cher ausfielen und die Arbeitslosenquote von [&hellip;]","og_url":"https:\/\/www.bergos.ch\/de\/us-notenbank-senkt-den-leitzins-um-25-basispunkte\/","og_site_name":"Bergos","article_published_time":"2025-09-18T06:32:57+00:00","article_modified_time":"2025-09-18T06:32:59+00:00","og_image":[{"width":838,"height":557,"url":"https:\/\/www.bergos.ch\/wp-content\/uploads\/2025\/09\/Macro-Sep-03.png","type":"image\/png"}],"author":"Ana Varvodic","twitter_card":"summary_large_image","twitter_misc":{"Verfasst von":"Ana Varvodic","Gesch\u00e4tzte Lesezeit":"2\u00a0Minuten"},"schema":{"@context":"https:\/\/schema.org","@graph":[{"@type":"Article","@id":"https:\/\/www.bergos.ch\/de\/us-notenbank-senkt-den-leitzins-um-25-basispunkte\/#article","isPartOf":{"@id":"https:\/\/www.bergos.ch\/de\/us-notenbank-senkt-den-leitzins-um-25-basispunkte\/"},"author":{"name":"Ana Varvodic","@id":"https:\/\/www.bergos.ch\/de\/#\/schema\/person\/89a42355bef86efc45d62a1f52596c5d"},"headline":"US-Notenbank senkt den Leitzins um 25 Basispunkte","datePublished":"2025-09-18T06:32:57+00:00","dateModified":"2025-09-18T06:32:59+00:00","mainEntityOfPage":{"@id":"https:\/\/www.bergos.ch\/de\/us-notenbank-senkt-den-leitzins-um-25-basispunkte\/"},"wordCount":408,"publisher":{"@id":"https:\/\/www.bergos.ch\/de\/#organization"},"image":{"@id":"https:\/\/www.bergos.ch\/de\/us-notenbank-senkt-den-leitzins-um-25-basispunkte\/#primaryimage"},"thumbnailUrl":"https:\/\/www.bergos.ch\/wp-content\/uploads\/2025\/09\/Macro-Sep-03.png","articleSection":["Insights","Insights","Makro"],"inLanguage":"de"},{"@type":"WebPage","@id":"https:\/\/www.bergos.ch\/de\/us-notenbank-senkt-den-leitzins-um-25-basispunkte\/","url":"https:\/\/www.bergos.ch\/de\/us-notenbank-senkt-den-leitzins-um-25-basispunkte\/","name":"US-Notenbank senkt den Leitzins um 25 Basispunkte - Bergos","isPartOf":{"@id":"https:\/\/www.bergos.ch\/de\/#website"},"primaryImageOfPage":{"@id":"https:\/\/www.bergos.ch\/de\/us-notenbank-senkt-den-leitzins-um-25-basispunkte\/#primaryimage"},"image":{"@id":"https:\/\/www.bergos.ch\/de\/us-notenbank-senkt-den-leitzins-um-25-basispunkte\/#primaryimage"},"thumbnailUrl":"https:\/\/www.bergos.ch\/wp-content\/uploads\/2025\/09\/Macro-Sep-03.png","datePublished":"2025-09-18T06:32:57+00:00","dateModified":"2025-09-18T06:32:59+00:00","breadcrumb":{"@id":"https:\/\/www.bergos.ch\/de\/us-notenbank-senkt-den-leitzins-um-25-basispunkte\/#breadcrumb"},"inLanguage":"de","potentialAction":[{"@type":"ReadAction","target":["https:\/\/www.bergos.ch\/de\/us-notenbank-senkt-den-leitzins-um-25-basispunkte\/"]}]},{"@type":"ImageObject","inLanguage":"de","@id":"https:\/\/www.bergos.ch\/de\/us-notenbank-senkt-den-leitzins-um-25-basispunkte\/#primaryimage","url":"https:\/\/www.bergos.ch\/wp-content\/uploads\/2025\/09\/Macro-Sep-03.png","contentUrl":"https:\/\/www.bergos.ch\/wp-content\/uploads\/2025\/09\/Macro-Sep-03.png"},{"@type":"BreadcrumbList","@id":"https:\/\/www.bergos.ch\/de\/us-notenbank-senkt-den-leitzins-um-25-basispunkte\/#breadcrumb","itemListElement":[{"@type":"ListItem","position":1,"name":"Home","item":"https:\/\/www.bergos.ch\/de\/"},{"@type":"ListItem","position":2,"name":"US-Notenbank senkt den Leitzins um 25 Basispunkte"}]},{"@type":"WebSite","@id":"https:\/\/www.bergos.ch\/de\/#website","url":"https:\/\/www.bergos.ch\/de\/","name":"Bergos","description":"An independent, internationally operating Swiss private bank.","publisher":{"@id":"https:\/\/www.bergos.ch\/de\/#organization"},"potentialAction":[{"@type":"SearchAction","target":{"@type":"EntryPoint","urlTemplate":"https:\/\/www.bergos.ch\/de\/?s={search_term_string}"},"query-input":{"@type":"PropertyValueSpecification","valueRequired":true,"valueName":"search_term_string"}}],"inLanguage":"de"},{"@type":"Organization","@id":"https:\/\/www.bergos.ch\/de\/#organization","name":"Bergos AG","url":"https:\/\/www.bergos.ch\/de\/","logo":{"@type":"ImageObject","inLanguage":"de","@id":"https:\/\/www.bergos.ch\/de\/#\/schema\/logo\/image\/","url":"https:\/\/www.bergos.ch\/wp-content\/uploads\/2025\/08\/Share.jpg","contentUrl":"https:\/\/www.bergos.ch\/wp-content\/uploads\/2025\/08\/Share.jpg","width":1200,"height":628,"caption":"Bergos AG"},"image":{"@id":"https:\/\/www.bergos.ch\/de\/#\/schema\/logo\/image\/"},"sameAs":["https:\/\/www.linkedin.com\/company\/bergos-berenberg","https:\/\/www.instagram.com\/bergosbank\/"]},{"@type":"Person","@id":"https:\/\/www.bergos.ch\/de\/#\/schema\/person\/89a42355bef86efc45d62a1f52596c5d","name":"Ana Varvodic","image":{"@type":"ImageObject","inLanguage":"de","@id":"https:\/\/secure.gravatar.com\/avatar\/ee4062fa5b67ca1dd68681414760c79d5c49705bfa15e5be5c608646a2a2d2ad?s=96&d=mm&r=g","url":"https:\/\/secure.gravatar.com\/avatar\/ee4062fa5b67ca1dd68681414760c79d5c49705bfa15e5be5c608646a2a2d2ad?s=96&d=mm&r=g","contentUrl":"https:\/\/secure.gravatar.com\/avatar\/ee4062fa5b67ca1dd68681414760c79d5c49705bfa15e5be5c608646a2a2d2ad?s=96&d=mm&r=g","caption":"Ana Varvodic"},"url":"https:\/\/www.bergos.ch\/de\/author\/ana-varvodic\/"}]}},"_links":{"self":[{"href":"https:\/\/www.bergos.ch\/de\/wp-json\/wp\/v2\/posts\/16217","targetHints":{"allow":["GET"]}}],"collection":[{"href":"https:\/\/www.bergos.ch\/de\/wp-json\/wp\/v2\/posts"}],"about":[{"href":"https:\/\/www.bergos.ch\/de\/wp-json\/wp\/v2\/types\/post"}],"author":[{"embeddable":true,"href":"https:\/\/www.bergos.ch\/de\/wp-json\/wp\/v2\/users\/13"}],"replies":[{"embeddable":true,"href":"https:\/\/www.bergos.ch\/de\/wp-json\/wp\/v2\/comments?post=16217"}],"version-history":[{"count":1,"href":"https:\/\/www.bergos.ch\/de\/wp-json\/wp\/v2\/posts\/16217\/revisions"}],"predecessor-version":[{"id":16225,"href":"https:\/\/www.bergos.ch\/de\/wp-json\/wp\/v2\/posts\/16217\/revisions\/16225"}],"wp:attachment":[{"href":"https:\/\/www.bergos.ch\/de\/wp-json\/wp\/v2\/media?parent=16217"}],"wp:term":[{"taxonomy":"category","embeddable":true,"href":"https:\/\/www.bergos.ch\/de\/wp-json\/wp\/v2\/categories?post=16217"},{"taxonomy":"post_tag","embeddable":true,"href":"https:\/\/www.bergos.ch\/de\/wp-json\/wp\/v2\/tags?post=16217"}],"curies":[{"name":"wp","href":"https:\/\/api.w.org\/{rel}","templated":true}]}}