{"id":17422,"date":"2026-04-10T06:45:52","date_gmt":"2026-04-10T06:45:52","guid":{"rendered":"https:\/\/www.bergos.ch\/?p=17422"},"modified":"2026-04-10T06:45:55","modified_gmt":"2026-04-10T06:45:55","slug":"vol-282-was-kommt-als-naechstes-fuer-die-us-wirtschaft","status":"publish","type":"post","link":"https:\/\/www.bergos.ch\/de\/vol-282-was-kommt-als-naechstes-fuer-die-us-wirtschaft\/","title":{"rendered":"Vol. 282 Was kommt als N\u00e4chstes f\u00fcr die US-Wirtschaft?"},"content":{"rendered":"\n<p>Diese Woche spricht Dr. J\u00f6rn Quitzau (Chef\u00f6konom bei Bergos) mit Dr. Mickey Levy (Makro\u00f6konom und ehemaliger Chef\u00f6konom bei der Bank of America) \u00fcber die \u00fcberraschende Widerstandsf\u00e4higkeit der US-Wirtschaft.<\/p>\n\n\n\n<p><em>(Diese Folge ist nur auf Englisch verf\u00fcgbar)<\/em><\/p>\n\n\n\n<p><\/p>\n","protected":false},"excerpt":{"rendered":"<p>Diese Woche spricht Dr. J\u00f6rn Quitzau (Chef\u00f6konom bei Bergos) mit Dr. Mickey Levy (Makro\u00f6konom und ehemaliger Chef\u00f6konom bei der Bank of America) \u00fcber die \u00fcberraschende Widerstandsf\u00e4higkeit der US-Wirtschaft. (Diese Folge ist nur auf Englisch verf\u00fcgbar)<\/p>\n","protected":false},"author":13,"featured_media":0,"comment_status":"closed","ping_status":"closed","sticky":false,"template":"","format":"standard","meta":{"_acf_changed":false,"footnotes":""},"categories":[7,22,47,20],"tags":[],"class_list":{"0":"post-17422","1":"post","2":"type-post","3":"status-publish","4":"format-standard","5":"hentry","6":"category-bergos-now","8":"category-makro","9":"category-podcasts-de"},"acf":[],"yoast_head":"<!-- This site is optimized with the Yoast SEO plugin v27.3 - https:\/\/yoast.com\/product\/yoast-seo-wordpress\/ -->\n<title>Vol. 282 Was kommt als N\u00e4chstes f\u00fcr die US-Wirtschaft? - Bergos<\/title>\n<meta name=\"description\" content=\"Unser Chef\u00f6konom Dr. J\u00f6rn Quitzau spricht mit Mickey Levy, ehemaliger Chef\u00f6konom der Bank of America, \u00fcber die St\u00e4rke der US-Wirtschaft.\" \/>\n<meta name=\"robots\" content=\"index, follow, max-snippet:-1, max-image-preview:large, max-video-preview:-1\" \/>\n<link rel=\"canonical\" href=\"https:\/\/www.bergos.ch\/de\/vol-282-was-kommt-als-naechstes-fuer-die-us-wirtschaft\/\" \/>\n<meta property=\"og:locale\" content=\"de_DE\" \/>\n<meta property=\"og:type\" content=\"article\" \/>\n<meta property=\"og:title\" content=\"Vol. 282 Was kommt als N\u00e4chstes f\u00fcr die US-Wirtschaft?\" \/>\n<meta property=\"og:description\" content=\"Unser Chef\u00f6konom Dr. J\u00f6rn Quitzau spricht mit Mickey Levy, ehemaliger Chef\u00f6konom der Bank of America, \u00fcber die St\u00e4rke der US-Wirtschaft.\" \/>\n<meta property=\"og:url\" content=\"https:\/\/www.bergos.ch\/de\/vol-282-was-kommt-als-naechstes-fuer-die-us-wirtschaft\/\" \/>\n<meta property=\"og:site_name\" content=\"Bergos\" \/>\n<meta property=\"article:published_time\" content=\"2026-04-10T06:45:52+00:00\" \/>\n<meta property=\"article:modified_time\" content=\"2026-04-10T06:45:55+00:00\" \/>\n<meta property=\"og:image\" content=\"https:\/\/www.bergos.ch\/wp-content\/uploads\/2022\/03\/bergos_share_01.jpg\" \/>\n\t<meta property=\"og:image:width\" content=\"1200\" \/>\n\t<meta property=\"og:image:height\" content=\"668\" \/>\n\t<meta property=\"og:image:type\" content=\"image\/jpeg\" \/>\n<meta name=\"author\" content=\"Ana Varvodic\" \/>\n<meta name=\"twitter:card\" content=\"summary_large_image\" \/>\n<meta name=\"twitter:label1\" content=\"Verfasst von\" \/>\n\t<meta name=\"twitter:data1\" content=\"Ana Varvodic\" \/>\n\t<meta name=\"twitter:label2\" content=\"Gesch\u00e4tzte Lesezeit\" \/>\n\t<meta name=\"twitter:data2\" content=\"1\u00a0Minute\" \/>\n<script type=\"application\/ld+json\" class=\"yoast-schema-graph\">{\"@context\":\"https:\\\/\\\/schema.org\",\"@graph\":[{\"@type\":\"Article\",\"@id\":\"https:\\\/\\\/www.bergos.ch\\\/de\\\/vol-282-was-kommt-als-naechstes-fuer-die-us-wirtschaft\\\/#article\",\"isPartOf\":{\"@id\":\"https:\\\/\\\/www.bergos.ch\\\/de\\\/vol-282-was-kommt-als-naechstes-fuer-die-us-wirtschaft\\\/\"},\"author\":{\"name\":\"Ana Varvodic\",\"@id\":\"https:\\\/\\\/www.bergos.ch\\\/de\\\/#\\\/schema\\\/person\\\/89a42355bef86efc45d62a1f52596c5d\"},\"headline\":\"Vol. 282 Was kommt als N\u00e4chstes f\u00fcr die US-Wirtschaft?\",\"datePublished\":\"2026-04-10T06:45:52+00:00\",\"dateModified\":\"2026-04-10T06:45:55+00:00\",\"mainEntityOfPage\":{\"@id\":\"https:\\\/\\\/www.bergos.ch\\\/de\\\/vol-282-was-kommt-als-naechstes-fuer-die-us-wirtschaft\\\/\"},\"wordCount\":51,\"publisher\":{\"@id\":\"https:\\\/\\\/www.bergos.ch\\\/de\\\/#organization\"},\"articleSection\":[\"Bergos Now\",\"Bergos Now\",\"Makro\",\"Podcasts\"],\"inLanguage\":\"de\"},{\"@type\":\"WebPage\",\"@id\":\"https:\\\/\\\/www.bergos.ch\\\/de\\\/vol-282-was-kommt-als-naechstes-fuer-die-us-wirtschaft\\\/\",\"url\":\"https:\\\/\\\/www.bergos.ch\\\/de\\\/vol-282-was-kommt-als-naechstes-fuer-die-us-wirtschaft\\\/\",\"name\":\"Vol. 282 Was kommt als N\u00e4chstes f\u00fcr die US-Wirtschaft? - Bergos\",\"isPartOf\":{\"@id\":\"https:\\\/\\\/www.bergos.ch\\\/de\\\/#website\"},\"datePublished\":\"2026-04-10T06:45:52+00:00\",\"dateModified\":\"2026-04-10T06:45:55+00:00\",\"description\":\"Unser Chef\u00f6konom Dr. J\u00f6rn Quitzau spricht mit Mickey Levy, ehemaliger Chef\u00f6konom der Bank of America, \u00fcber die St\u00e4rke der US-Wirtschaft.\",\"breadcrumb\":{\"@id\":\"https:\\\/\\\/www.bergos.ch\\\/de\\\/vol-282-was-kommt-als-naechstes-fuer-die-us-wirtschaft\\\/#breadcrumb\"},\"inLanguage\":\"de\",\"potentialAction\":[{\"@type\":\"ReadAction\",\"target\":[\"https:\\\/\\\/www.bergos.ch\\\/de\\\/vol-282-was-kommt-als-naechstes-fuer-die-us-wirtschaft\\\/\"]}]},{\"@type\":\"BreadcrumbList\",\"@id\":\"https:\\\/\\\/www.bergos.ch\\\/de\\\/vol-282-was-kommt-als-naechstes-fuer-die-us-wirtschaft\\\/#breadcrumb\",\"itemListElement\":[{\"@type\":\"ListItem\",\"position\":1,\"name\":\"Home\",\"item\":\"https:\\\/\\\/www.bergos.ch\\\/de\\\/\"},{\"@type\":\"ListItem\",\"position\":2,\"name\":\"Vol. 282 Was kommt als N\u00e4chstes f\u00fcr die US-Wirtschaft?\"}]},{\"@type\":\"WebSite\",\"@id\":\"https:\\\/\\\/www.bergos.ch\\\/de\\\/#website\",\"url\":\"https:\\\/\\\/www.bergos.ch\\\/de\\\/\",\"name\":\"Bergos\",\"description\":\"An independent, internationally operating Swiss private bank.\",\"publisher\":{\"@id\":\"https:\\\/\\\/www.bergos.ch\\\/de\\\/#organization\"},\"potentialAction\":[{\"@type\":\"SearchAction\",\"target\":{\"@type\":\"EntryPoint\",\"urlTemplate\":\"https:\\\/\\\/www.bergos.ch\\\/de\\\/?s={search_term_string}\"},\"query-input\":{\"@type\":\"PropertyValueSpecification\",\"valueRequired\":true,\"valueName\":\"search_term_string\"}}],\"inLanguage\":\"de\"},{\"@type\":\"Organization\",\"@id\":\"https:\\\/\\\/www.bergos.ch\\\/de\\\/#organization\",\"name\":\"Bergos AG\",\"url\":\"https:\\\/\\\/www.bergos.ch\\\/de\\\/\",\"logo\":{\"@type\":\"ImageObject\",\"inLanguage\":\"de\",\"@id\":\"https:\\\/\\\/www.bergos.ch\\\/de\\\/#\\\/schema\\\/logo\\\/image\\\/\",\"url\":\"https:\\\/\\\/www.bergos.ch\\\/wp-content\\\/uploads\\\/2025\\\/08\\\/Share.jpg\",\"contentUrl\":\"https:\\\/\\\/www.bergos.ch\\\/wp-content\\\/uploads\\\/2025\\\/08\\\/Share.jpg\",\"width\":1200,\"height\":628,\"caption\":\"Bergos AG\"},\"image\":{\"@id\":\"https:\\\/\\\/www.bergos.ch\\\/de\\\/#\\\/schema\\\/logo\\\/image\\\/\"},\"sameAs\":[\"https:\\\/\\\/www.linkedin.com\\\/company\\\/bergos-berenberg\",\"https:\\\/\\\/www.instagram.com\\\/bergosbank\\\/\"]},{\"@type\":\"Person\",\"@id\":\"https:\\\/\\\/www.bergos.ch\\\/de\\\/#\\\/schema\\\/person\\\/89a42355bef86efc45d62a1f52596c5d\",\"name\":\"Ana Varvodic\",\"image\":{\"@type\":\"ImageObject\",\"inLanguage\":\"de\",\"@id\":\"https:\\\/\\\/secure.gravatar.com\\\/avatar\\\/ee4062fa5b67ca1dd68681414760c79d5c49705bfa15e5be5c608646a2a2d2ad?s=96&d=mm&r=g\",\"url\":\"https:\\\/\\\/secure.gravatar.com\\\/avatar\\\/ee4062fa5b67ca1dd68681414760c79d5c49705bfa15e5be5c608646a2a2d2ad?s=96&d=mm&r=g\",\"contentUrl\":\"https:\\\/\\\/secure.gravatar.com\\\/avatar\\\/ee4062fa5b67ca1dd68681414760c79d5c49705bfa15e5be5c608646a2a2d2ad?s=96&d=mm&r=g\",\"caption\":\"Ana Varvodic\"},\"url\":\"https:\\\/\\\/www.bergos.ch\\\/de\\\/author\\\/ana-varvodic\\\/\"}]}<\/script>\n<!-- \/ Yoast SEO plugin. -->","yoast_head_json":{"title":"Vol. 282 Was kommt als N\u00e4chstes f\u00fcr die US-Wirtschaft? - Bergos","description":"Unser Chef\u00f6konom Dr. J\u00f6rn Quitzau spricht mit Mickey Levy, ehemaliger Chef\u00f6konom der Bank of America, \u00fcber die St\u00e4rke der US-Wirtschaft.","robots":{"index":"index","follow":"follow","max-snippet":"max-snippet:-1","max-image-preview":"max-image-preview:large","max-video-preview":"max-video-preview:-1"},"canonical":"https:\/\/www.bergos.ch\/de\/vol-282-was-kommt-als-naechstes-fuer-die-us-wirtschaft\/","og_locale":"de_DE","og_type":"article","og_title":"Vol. 282 Was kommt als N\u00e4chstes f\u00fcr die US-Wirtschaft?","og_description":"Unser Chef\u00f6konom Dr. J\u00f6rn Quitzau spricht mit Mickey Levy, ehemaliger Chef\u00f6konom der Bank of America, \u00fcber die St\u00e4rke der US-Wirtschaft.","og_url":"https:\/\/www.bergos.ch\/de\/vol-282-was-kommt-als-naechstes-fuer-die-us-wirtschaft\/","og_site_name":"Bergos","article_published_time":"2026-04-10T06:45:52+00:00","article_modified_time":"2026-04-10T06:45:55+00:00","og_image":[{"width":1200,"height":668,"url":"https:\/\/www.bergos.ch\/wp-content\/uploads\/2022\/03\/bergos_share_01.jpg","type":"image\/jpeg"}],"author":"Ana Varvodic","twitter_card":"summary_large_image","twitter_misc":{"Verfasst von":"Ana Varvodic","Gesch\u00e4tzte Lesezeit":"1\u00a0Minute"},"schema":{"@context":"https:\/\/schema.org","@graph":[{"@type":"Article","@id":"https:\/\/www.bergos.ch\/de\/vol-282-was-kommt-als-naechstes-fuer-die-us-wirtschaft\/#article","isPartOf":{"@id":"https:\/\/www.bergos.ch\/de\/vol-282-was-kommt-als-naechstes-fuer-die-us-wirtschaft\/"},"author":{"name":"Ana Varvodic","@id":"https:\/\/www.bergos.ch\/de\/#\/schema\/person\/89a42355bef86efc45d62a1f52596c5d"},"headline":"Vol. 282 Was kommt als N\u00e4chstes f\u00fcr die US-Wirtschaft?","datePublished":"2026-04-10T06:45:52+00:00","dateModified":"2026-04-10T06:45:55+00:00","mainEntityOfPage":{"@id":"https:\/\/www.bergos.ch\/de\/vol-282-was-kommt-als-naechstes-fuer-die-us-wirtschaft\/"},"wordCount":51,"publisher":{"@id":"https:\/\/www.bergos.ch\/de\/#organization"},"articleSection":["Bergos Now","Bergos Now","Makro","Podcasts"],"inLanguage":"de"},{"@type":"WebPage","@id":"https:\/\/www.bergos.ch\/de\/vol-282-was-kommt-als-naechstes-fuer-die-us-wirtschaft\/","url":"https:\/\/www.bergos.ch\/de\/vol-282-was-kommt-als-naechstes-fuer-die-us-wirtschaft\/","name":"Vol. 282 Was kommt als N\u00e4chstes f\u00fcr die US-Wirtschaft? - Bergos","isPartOf":{"@id":"https:\/\/www.bergos.ch\/de\/#website"},"datePublished":"2026-04-10T06:45:52+00:00","dateModified":"2026-04-10T06:45:55+00:00","description":"Unser Chef\u00f6konom Dr. J\u00f6rn Quitzau spricht mit Mickey Levy, ehemaliger Chef\u00f6konom der Bank of America, \u00fcber die St\u00e4rke der US-Wirtschaft.","breadcrumb":{"@id":"https:\/\/www.bergos.ch\/de\/vol-282-was-kommt-als-naechstes-fuer-die-us-wirtschaft\/#breadcrumb"},"inLanguage":"de","potentialAction":[{"@type":"ReadAction","target":["https:\/\/www.bergos.ch\/de\/vol-282-was-kommt-als-naechstes-fuer-die-us-wirtschaft\/"]}]},{"@type":"BreadcrumbList","@id":"https:\/\/www.bergos.ch\/de\/vol-282-was-kommt-als-naechstes-fuer-die-us-wirtschaft\/#breadcrumb","itemListElement":[{"@type":"ListItem","position":1,"name":"Home","item":"https:\/\/www.bergos.ch\/de\/"},{"@type":"ListItem","position":2,"name":"Vol. 282 Was kommt als N\u00e4chstes f\u00fcr die US-Wirtschaft?"}]},{"@type":"WebSite","@id":"https:\/\/www.bergos.ch\/de\/#website","url":"https:\/\/www.bergos.ch\/de\/","name":"Bergos","description":"An independent, internationally operating Swiss private bank.","publisher":{"@id":"https:\/\/www.bergos.ch\/de\/#organization"},"potentialAction":[{"@type":"SearchAction","target":{"@type":"EntryPoint","urlTemplate":"https:\/\/www.bergos.ch\/de\/?s={search_term_string}"},"query-input":{"@type":"PropertyValueSpecification","valueRequired":true,"valueName":"search_term_string"}}],"inLanguage":"de"},{"@type":"Organization","@id":"https:\/\/www.bergos.ch\/de\/#organization","name":"Bergos AG","url":"https:\/\/www.bergos.ch\/de\/","logo":{"@type":"ImageObject","inLanguage":"de","@id":"https:\/\/www.bergos.ch\/de\/#\/schema\/logo\/image\/","url":"https:\/\/www.bergos.ch\/wp-content\/uploads\/2025\/08\/Share.jpg","contentUrl":"https:\/\/www.bergos.ch\/wp-content\/uploads\/2025\/08\/Share.jpg","width":1200,"height":628,"caption":"Bergos AG"},"image":{"@id":"https:\/\/www.bergos.ch\/de\/#\/schema\/logo\/image\/"},"sameAs":["https:\/\/www.linkedin.com\/company\/bergos-berenberg","https:\/\/www.instagram.com\/bergosbank\/"]},{"@type":"Person","@id":"https:\/\/www.bergos.ch\/de\/#\/schema\/person\/89a42355bef86efc45d62a1f52596c5d","name":"Ana Varvodic","image":{"@type":"ImageObject","inLanguage":"de","@id":"https:\/\/secure.gravatar.com\/avatar\/ee4062fa5b67ca1dd68681414760c79d5c49705bfa15e5be5c608646a2a2d2ad?s=96&d=mm&r=g","url":"https:\/\/secure.gravatar.com\/avatar\/ee4062fa5b67ca1dd68681414760c79d5c49705bfa15e5be5c608646a2a2d2ad?s=96&d=mm&r=g","contentUrl":"https:\/\/secure.gravatar.com\/avatar\/ee4062fa5b67ca1dd68681414760c79d5c49705bfa15e5be5c608646a2a2d2ad?s=96&d=mm&r=g","caption":"Ana Varvodic"},"url":"https:\/\/www.bergos.ch\/de\/author\/ana-varvodic\/"}]}},"_links":{"self":[{"href":"https:\/\/www.bergos.ch\/de\/wp-json\/wp\/v2\/posts\/17422","targetHints":{"allow":["GET"]}}],"collection":[{"href":"https:\/\/www.bergos.ch\/de\/wp-json\/wp\/v2\/posts"}],"about":[{"href":"https:\/\/www.bergos.ch\/de\/wp-json\/wp\/v2\/types\/post"}],"author":[{"embeddable":true,"href":"https:\/\/www.bergos.ch\/de\/wp-json\/wp\/v2\/users\/13"}],"replies":[{"embeddable":true,"href":"https:\/\/www.bergos.ch\/de\/wp-json\/wp\/v2\/comments?post=17422"}],"version-history":[{"count":3,"href":"https:\/\/www.bergos.ch\/de\/wp-json\/wp\/v2\/posts\/17422\/revisions"}],"predecessor-version":[{"id":17439,"href":"https:\/\/www.bergos.ch\/de\/wp-json\/wp\/v2\/posts\/17422\/revisions\/17439"}],"wp:attachment":[{"href":"https:\/\/www.bergos.ch\/de\/wp-json\/wp\/v2\/media?parent=17422"}],"wp:term":[{"taxonomy":"category","embeddable":true,"href":"https:\/\/www.bergos.ch\/de\/wp-json\/wp\/v2\/categories?post=17422"},{"taxonomy":"post_tag","embeddable":true,"href":"https:\/\/www.bergos.ch\/de\/wp-json\/wp\/v2\/tags?post=17422"}],"curies":[{"name":"wp","href":"https:\/\/api.w.org\/{rel}","templated":true}]}}